{"id":3777,"date":"2021-08-20T13:13:31","date_gmt":"2021-08-20T17:13:31","guid":{"rendered":"https:\/\/mcgeoffroy.ca\/2021\/08\/20\/covid-19\/"},"modified":"2021-08-20T13:13:31","modified_gmt":"2021-08-20T17:13:31","slug":"covid-19","status":"publish","type":"post","link":"https:\/\/mcgeoffroy.ca\/en\/2021\/08\/20\/covid-19\/","title":{"rendered":"Pr\u00e9venir le suicide pendant la pand\u00e9mie de la covid-19"},"content":{"rendered":"\n<h3 class=\"wp-block-heading\"><\/h3>\n\n\n\n<p><strong>20 janvier 2021 par Marie-Claude Geoffroy, Massimiliano Orri, Patricia Conrod et Naguib Mechawar.<\/strong><\/p>\n\n\n\n<p>De nombreux experts craignent une hausse des taux de suicide pendant ou suite \u00e0\u00a0 la pand\u00e9mie de la COVID-19. Plusieurs facteurs justifient cette pr\u00e9occupation, tels que l&#8217;augmentation du taux de suicide lors de l&#8217;\u00e9pid\u00e9mie de SRAS en 2003, notamment chez les personnes \u00e2g\u00e9es de 65 ans et plus, une d\u00e9t\u00e9rioration de la sant\u00e9 mentale et des facteurs de risque associ\u00e9s au suicide comme l&#8221;&#8217;isolement, la perte et le deuil, la consommation d&#8217;alcool, la violence conjugale et l&#8217;ins\u00e9curit\u00e9 \u00e9conomique.<\/p>\n\n\n\n<p><a rel=\"noreferrer noopener\" href=\"https:\/\/qualaxia.org\/article\/prevenir-le-suicide-pendant-la-pandemie-de-la-covid-19\/\" target=\"_blank\">\u00c3\u20ac lire sur le <strong>Rseau Qualaxia<\/strong><\/a><\/p>\n","protected":false},"excerpt":{"rendered":"<p>De nombreux experts craignent une hausse des taux de suicide pendant ou suite \u00e0\u00a0 la pand\u00e9mie de la COVID-19. Plusieurs facteurs justifient cette pr\u00e9occupation, tels que l&#8217;augmentation du taux de suicide lors de l&#8217;\u00e9pid\u00e9mie de SRAS en 2003,<\/p>\n","protected":false},"author":1,"featured_media":3583,"comment_status":"closed","ping_status":"closed","sticky":false,"template":"","format":"standard","meta":{"footnotes":""},"categories":[41],"tags":[],"class_list":["post-3777","post","type-post","status-publish","format-standard","has-post-thumbnail","hentry","category-non-scientific-articles"],"acf":[],"_links":{"self":[{"href":"https:\/\/mcgeoffroy.ca\/en\/wp-json\/wp\/v2\/posts\/3777","targetHints":{"allow":["GET"]}}],"collection":[{"href":"https:\/\/mcgeoffroy.ca\/en\/wp-json\/wp\/v2\/posts"}],"about":[{"href":"https:\/\/mcgeoffroy.ca\/en\/wp-json\/wp\/v2\/types\/post"}],"author":[{"embeddable":true,"href":"https:\/\/mcgeoffroy.ca\/en\/wp-json\/wp\/v2\/users\/1"}],"replies":[{"embeddable":true,"href":"https:\/\/mcgeoffroy.ca\/en\/wp-json\/wp\/v2\/comments?post=3777"}],"version-history":[{"count":0,"href":"https:\/\/mcgeoffroy.ca\/en\/wp-json\/wp\/v2\/posts\/3777\/revisions"}],"wp:featuredmedia":[{"embeddable":true,"href":"https:\/\/mcgeoffroy.ca\/en\/wp-json\/wp\/v2\/media\/3583"}],"wp:attachment":[{"href":"https:\/\/mcgeoffroy.ca\/en\/wp-json\/wp\/v2\/media?parent=3777"}],"wp:term":[{"taxonomy":"category","embeddable":true,"href":"https:\/\/mcgeoffroy.ca\/en\/wp-json\/wp\/v2\/categories?post=3777"},{"taxonomy":"post_tag","embeddable":true,"href":"https:\/\/mcgeoffroy.ca\/en\/wp-json\/wp\/v2\/tags?post=3777"}],"curies":[{"name":"wp","href":"https:\/\/api.w.org\/{rel}","templated":true}]}}