{"id":3778,"date":"2020-02-04T14:35:20","date_gmt":"2020-02-04T19:35:20","guid":{"rendered":"https:\/\/mcgeoffroy.ca\/2020\/02\/04\/la-cyberintimidation-chez-les-adolescents-quebecois\/"},"modified":"2026-01-30T14:03:10","modified_gmt":"2026-01-30T19:03:10","slug":"la-cyberintimidation-chez-les-adolescents-quebecois","status":"publish","type":"post","link":"https:\/\/mcgeoffroy.ca\/en\/2020\/02\/04\/la-cyberintimidation-chez-les-adolescents-quebecois\/","title":{"rendered":"La cyberintimidation chez les adolescents qu\u00e9becois"},"content":{"rendered":"\n<p>Questions-r\u00e9ponses avec Dre Marie-Claude Geoffroy et L\u00e9a Perret pour introduire et d\u00e9mystifier de possibles inqui\u00e9tudes chez les parents concernant la cybervictimisation. Les deux chercheures se basent sur les r\u00e9sultats de leur \u00e9tude publi\u00e9e le 4 f\u00e9vrier 2020 dans le Journal of Child Psychology and Psychiatry, intitule \u00c2\u00ab\u00e2\u20ac\u2030Cybervictimization in adolescence and its association with subsequent suicidal ideation\/attempt beyond face-to-face victimization: a longitudinal populationbased study\u00e2\u20ac\u2030\u00c2\u00bb (doi:10.1111\/jcpp.13158).<\/p>\n\n\n\n<p>Cette \u00e9tude&nbsp; montre le lien entre la cybervictimisation et les id\u00e9ations suicidaires chez les jeunes Qu\u00e9b\u00e9cois. Elle offre des \u00e9l\u00e9ments de sensibilisation et des conseils pour les parents et les proches de jeunes qui pourraient avoir des id\u00e9es suicidaires.<\/p>\n\n\n\n<figure class=\"wp-block-embed is-type-video is-provider-youtube wp-block-embed-youtube wp-embed-aspect-16-9 wp-has-aspect-ratio\"><div class=\"wp-block-embed__wrapper\">\n<iframe title=\"Questions - R\u00e9ponses: La cybervictimisation  chez les adolescents qu\u00e9b\u00e9cois\" width=\"500\" height=\"281\" src=\"https:\/\/www.youtube.com\/embed\/MItq0IIpk2U?feature=oembed\" frameborder=\"0\" allow=\"accelerometer; autoplay; clipboard-write; encrypted-media; gyroscope; picture-in-picture; web-share\" referrerpolicy=\"strict-origin-when-cross-origin\" allowfullscreen><\/iframe>\n<\/div><\/figure>\n\n\n\n<p><\/p>\n","protected":false},"excerpt":{"rendered":"<p>Questions-r\u00e9ponses avec Dre Marie-Claude Geoffroy et L\u00e9a Perret pour introduire et d\u00e9mystifier de possibles inqui\u00e9tudes chez les parents concernant la cybervictimisation. Les deux chercheures se basent sur les r\u00e9sultats de leur \u00e9tude publi\u00e9e le 4 f\u00e9vrier 2020 dans le Journal of Child Psychology and Psychiatry, intitule \u00c2\u00ab\u00e2\u20ac\u2030Cybervictimization in adolescence and its association with subsequent suicidal [&hellip;]<\/p>\n","protected":false},"author":1,"featured_media":3572,"comment_status":"closed","ping_status":"closed","sticky":false,"template":"","format":"standard","meta":{"footnotes":""},"categories":[40],"tags":[46,47,44,48],"class_list":["post-3778","post","type-post","status-publish","format-standard","has-post-thumbnail","hentry","category-videos-and-podcast","tag-cybervitimization-en","tag-suicidal-risk-en","tag-suicide-en","tag-youth-mental-health-en"],"acf":[],"_links":{"self":[{"href":"https:\/\/mcgeoffroy.ca\/en\/wp-json\/wp\/v2\/posts\/3778","targetHints":{"allow":["GET"]}}],"collection":[{"href":"https:\/\/mcgeoffroy.ca\/en\/wp-json\/wp\/v2\/posts"}],"about":[{"href":"https:\/\/mcgeoffroy.ca\/en\/wp-json\/wp\/v2\/types\/post"}],"author":[{"embeddable":true,"href":"https:\/\/mcgeoffroy.ca\/en\/wp-json\/wp\/v2\/users\/1"}],"replies":[{"embeddable":true,"href":"https:\/\/mcgeoffroy.ca\/en\/wp-json\/wp\/v2\/comments?post=3778"}],"version-history":[{"count":2,"href":"https:\/\/mcgeoffroy.ca\/en\/wp-json\/wp\/v2\/posts\/3778\/revisions"}],"predecessor-version":[{"id":6003,"href":"https:\/\/mcgeoffroy.ca\/en\/wp-json\/wp\/v2\/posts\/3778\/revisions\/6003"}],"wp:featuredmedia":[{"embeddable":true,"href":"https:\/\/mcgeoffroy.ca\/en\/wp-json\/wp\/v2\/media\/3572"}],"wp:attachment":[{"href":"https:\/\/mcgeoffroy.ca\/en\/wp-json\/wp\/v2\/media?parent=3778"}],"wp:term":[{"taxonomy":"category","embeddable":true,"href":"https:\/\/mcgeoffroy.ca\/en\/wp-json\/wp\/v2\/categories?post=3778"},{"taxonomy":"post_tag","embeddable":true,"href":"https:\/\/mcgeoffroy.ca\/en\/wp-json\/wp\/v2\/tags?post=3778"}],"curies":[{"name":"wp","href":"https:\/\/api.w.org\/{rel}","templated":true}]}}